{"id":1009,"date":"2020-10-15T22:49:00","date_gmt":"2020-10-15T20:49:00","guid":{"rendered":"http:\/\/www.noemiwaysfeld.com\/?p=1009"},"modified":"2020-12-13T22:56:06","modified_gmt":"2020-12-13T21:56:06","slug":"tres-heureuse-de-faire-partie-de-la-toute-nouvelle-agence-arts-et-spectacles-production","status":"publish","type":"post","link":"https:\/\/www.noemiwaysfeld.com\/?p=1009","title":{"rendered":"Tr\u00e8s heureuse de faire partie de la toute nouvelle agence Arts et Spectacles Production"},"content":{"rendered":"\n<p>Tr\u00e8s heureuse de faire partie de la toute nouvelle agence&nbsp;<a href=\"https:\/\/www.facebook.com\/artsetspectaclesproduction\/?__cft__[0]=AZWKrMJOFlZC2JkraLflUmLwNgtPDw4FGk93Cn__X87x9NiDRgghAKNHt2d0yfCbdSGrz692H66IehpL4awfqWdOGzmtkfdwADiFZMjEEysEOTyu-ItkwbbxLfUbAqXZF0uNPGQDC8WY5iD3gKnRV9E-&amp;__tn__=kK*F\">Arts et Spectacles Production<\/a>&nbsp;cr\u00e9\u00e9e par&nbsp;<a href=\"https:\/\/www.facebook.com\/nelcorreia?__cft__[0]=AZWKrMJOFlZC2JkraLflUmLwNgtPDw4FGk93Cn__X87x9NiDRgghAKNHt2d0yfCbdSGrz692H66IehpL4awfqWdOGzmtkfdwADiFZMjEEysEOTyu-ItkwbbxLfUbAqXZF0uNPGQDC8WY5iD3gKnRV9E-&amp;__tn__=-]K*F\">Nelly Correia<\/a>&nbsp;aux c\u00f4t\u00e9s d\u2019<br><a href=\"https:\/\/www.facebook.com\/adeline.andricopoulos?__cft__[0]=AZWKrMJOFlZC2JkraLflUmLwNgtPDw4FGk93Cn__X87x9NiDRgghAKNHt2d0yfCbdSGrz692H66IehpL4awfqWdOGzmtkfdwADiFZMjEEysEOTyu-ItkwbbxLfUbAqXZF0uNPGQDC8WY5iD3gKnRV9E-&amp;__tn__=-]K*F\">Adeline Andricopoulos<\/a>&nbsp;pour la diffusion,&nbsp;<a href=\"https:\/\/www.facebook.com\/yann.ollivier.737?__cft__[0]=AZWKrMJOFlZC2JkraLflUmLwNgtPDw4FGk93Cn__X87x9NiDRgghAKNHt2d0yfCbdSGrz692H66IehpL4awfqWdOGzmtkfdwADiFZMjEEysEOTyu-ItkwbbxLfUbAqXZF0uNPGQDC8WY5iD3gKnRV9E-&amp;__tn__=-]K*F\">Yann Ollivier<\/a>&nbsp;pour le management et l\u2019<a href=\"https:\/\/www.facebook.com\/agenceysee\/?__cft__[0]=AZWKrMJOFlZC2JkraLflUmLwNgtPDw4FGk93Cn__X87x9NiDRgghAKNHt2d0yfCbdSGrz692H66IehpL4awfqWdOGzmtkfdwADiFZMjEEysEOTyu-ItkwbbxLfUbAqXZF0uNPGQDC8WY5iD3gKnRV9E-&amp;__tn__=kK*F\">Agence Ys\u00e9e<\/a>&nbsp;d&#8217;<a href=\"https:\/\/www.facebook.com\/isabelle.muisgillouard?__cft__[0]=AZWKrMJOFlZC2JkraLflUmLwNgtPDw4FGk93Cn__X87x9NiDRgghAKNHt2d0yfCbdSGrz692H66IehpL4awfqWdOGzmtkfdwADiFZMjEEysEOTyu-ItkwbbxLfUbAqXZF0uNPGQDC8WY5iD3gKnRV9E-&amp;__tn__=-]K*F\">Isabelle Muis Gillouard<\/a>&nbsp;et&nbsp;<a href=\"https:\/\/www.facebook.com\/valentine.franssen?__cft__[0]=AZWKrMJOFlZC2JkraLflUmLwNgtPDw4FGk93Cn__X87x9NiDRgghAKNHt2d0yfCbdSGrz692H66IehpL4awfqWdOGzmtkfdwADiFZMjEEysEOTyu-ItkwbbxLfUbAqXZF0uNPGQDC8WY5iD3gKnRV9E-&amp;__tn__=-]K*F\">Valentine Franssen<\/a>&nbsp;pour la communication !<\/p>\n\n\n\n<p>Ce matin au Th\u00e9\u00e2tre Traversi\u00e8re pour le lancement de mon nouvel album SOUL OF YIDDISH !<br>Disque \u00e0 para\u00eetre en mars 2021, arrangements et compositions du merveilleux&nbsp;<a href=\"https:\/\/www.facebook.com\/MagikTakadin?__cft__[0]=AZWKrMJOFlZC2JkraLflUmLwNgtPDw4FGk93Cn__X87x9NiDRgghAKNHt2d0yfCbdSGrz692H66IehpL4awfqWdOGzmtkfdwADiFZMjEEysEOTyu-ItkwbbxLfUbAqXZF0uNPGQDC8WY5iD3gKnRV9E-&amp;__tn__=-]K*F\">Kevin Seddiki<\/a><\/p>\n","protected":false},"excerpt":{"rendered":"<p>Tr\u00e8s heureuse de faire partie de la toute nouvelle agence&nbsp;Arts et Spectacles Production&nbsp;cr\u00e9\u00e9e par&nbsp;Nelly Correia&nbsp;aux c\u00f4t\u00e9s d\u2019Adeline Andricopoulos&nbsp;pour la diffusion,&nbsp;Yann Ollivier&nbsp;pour le management et l\u2019Agence Ys\u00e9e&nbsp;d&#8217;Isabelle Muis Gillouard&nbsp;et&nbsp;Valentine Franssen&nbsp;pour la communication ! Ce matin au Th\u00e9\u00e2tre Traversi\u00e8re pour le lancement de mon nouvel album SOUL OF YIDDISH !Disque \u00e0 para\u00eetre en mars 2021, arrangements et [&hellip;]<\/p>\n","protected":false},"author":1,"featured_media":1010,"comment_status":"closed","ping_status":"open","sticky":false,"template":"","format":"standard","meta":[],"categories":[1],"tags":[],"_links":{"self":[{"href":"https:\/\/www.noemiwaysfeld.com\/index.php?rest_route=\/wp\/v2\/posts\/1009"}],"collection":[{"href":"https:\/\/www.noemiwaysfeld.com\/index.php?rest_route=\/wp\/v2\/posts"}],"about":[{"href":"https:\/\/www.noemiwaysfeld.com\/index.php?rest_route=\/wp\/v2\/types\/post"}],"author":[{"embeddable":true,"href":"https:\/\/www.noemiwaysfeld.com\/index.php?rest_route=\/wp\/v2\/users\/1"}],"replies":[{"embeddable":true,"href":"https:\/\/www.noemiwaysfeld.com\/index.php?rest_route=%2Fwp%2Fv2%2Fcomments&post=1009"}],"version-history":[{"count":1,"href":"https:\/\/www.noemiwaysfeld.com\/index.php?rest_route=\/wp\/v2\/posts\/1009\/revisions"}],"predecessor-version":[{"id":1011,"href":"https:\/\/www.noemiwaysfeld.com\/index.php?rest_route=\/wp\/v2\/posts\/1009\/revisions\/1011"}],"wp:featuredmedia":[{"embeddable":true,"href":"https:\/\/www.noemiwaysfeld.com\/index.php?rest_route=\/wp\/v2\/media\/1010"}],"wp:attachment":[{"href":"https:\/\/www.noemiwaysfeld.com\/index.php?rest_route=%2Fwp%2Fv2%2Fmedia&parent=1009"}],"wp:term":[{"taxonomy":"category","embeddable":true,"href":"https:\/\/www.noemiwaysfeld.com\/index.php?rest_route=%2Fwp%2Fv2%2Fcategories&post=1009"},{"taxonomy":"post_tag","embeddable":true,"href":"https:\/\/www.noemiwaysfeld.com\/index.php?rest_route=%2Fwp%2Fv2%2Ftags&post=1009"}],"curies":[{"name":"wp","href":"https:\/\/api.w.org\/{rel}","templated":true}]}}