{"id":1098,"date":"2021-04-26T18:00:02","date_gmt":"2021-04-26T16:00:02","guid":{"rendered":"http:\/\/www.noemiwaysfeld.com\/?p=1098"},"modified":"2021-04-26T18:01:42","modified_gmt":"2021-04-26T16:01:42","slug":"dans-classic-co-sur-france-inter","status":"publish","type":"post","link":"https:\/\/www.noemiwaysfeld.com\/?p=1098","title":{"rendered":"Dans \u00ab Classic &#038; Co \u00bb sur France Inter !"},"content":{"rendered":"\n<p>Merci \u00e0\u00a0Anna Sigalevitch\u00a0pour sa chronique \u00e0 propos de <em>Soul Of Yiddish<\/em> dans \u00ab Classic &amp; Co \u00bb sur France Inter. <\/p>\n\n\n\n<p>Pour r\u00e9\u00e9couter l&#8217;\u00e9mission \u279d <a href=\"https:\/\/www.franceinter.fr\/emissions\/classic-co\/classic-co-21-mars-2021\">Cliquez ici<\/a><\/p>\n\n\n\n<figure class=\"wp-block-image size-large\"><img loading=\"lazy\" width=\"1030\" height=\"1030\" src=\"http:\/\/www.noemiwaysfeld.com\/wp-content\/uploads\/2021\/04\/France-Inter-1-1030x1030.jpeg\" alt=\"\" class=\"wp-image-1101\" srcset=\"https:\/\/www.noemiwaysfeld.com\/wp-content\/uploads\/2021\/04\/France-Inter-1-1030x1030.jpeg 1030w, https:\/\/www.noemiwaysfeld.com\/wp-content\/uploads\/2021\/04\/France-Inter-1-300x300.jpeg 300w, https:\/\/www.noemiwaysfeld.com\/wp-content\/uploads\/2021\/04\/France-Inter-1-80x80.jpeg 80w, https:\/\/www.noemiwaysfeld.com\/wp-content\/uploads\/2021\/04\/France-Inter-1-768x768.jpeg 768w, https:\/\/www.noemiwaysfeld.com\/wp-content\/uploads\/2021\/04\/France-Inter-1-1536x1536.jpeg 1536w, https:\/\/www.noemiwaysfeld.com\/wp-content\/uploads\/2021\/04\/France-Inter-1-36x36.jpeg 36w, https:\/\/www.noemiwaysfeld.com\/wp-content\/uploads\/2021\/04\/France-Inter-1-180x180.jpeg 180w, https:\/\/www.noemiwaysfeld.com\/wp-content\/uploads\/2021\/04\/France-Inter-1-1500x1500.jpeg 1500w, https:\/\/www.noemiwaysfeld.com\/wp-content\/uploads\/2021\/04\/France-Inter-1-705x705.jpeg 705w, https:\/\/www.noemiwaysfeld.com\/wp-content\/uploads\/2021\/04\/France-Inter-1.jpeg 1600w\" sizes=\"(max-width: 1030px) 100vw, 1030px\" \/><\/figure>\n","protected":false},"excerpt":{"rendered":"<p>Merci \u00e0\u00a0Anna Sigalevitch\u00a0pour sa chronique \u00e0 propos de Soul Of Yiddish dans \u00ab Classic &amp; Co \u00bb sur France Inter. Pour r\u00e9\u00e9couter l&#8217;\u00e9mission \u279d Cliquez ici<\/p>\n","protected":false},"author":3,"featured_media":1102,"comment_status":"closed","ping_status":"open","sticky":false,"template":"","format":"standard","meta":[],"categories":[1],"tags":[],"_links":{"self":[{"href":"https:\/\/www.noemiwaysfeld.com\/index.php?rest_route=\/wp\/v2\/posts\/1098"}],"collection":[{"href":"https:\/\/www.noemiwaysfeld.com\/index.php?rest_route=\/wp\/v2\/posts"}],"about":[{"href":"https:\/\/www.noemiwaysfeld.com\/index.php?rest_route=\/wp\/v2\/types\/post"}],"author":[{"embeddable":true,"href":"https:\/\/www.noemiwaysfeld.com\/index.php?rest_route=\/wp\/v2\/users\/3"}],"replies":[{"embeddable":true,"href":"https:\/\/www.noemiwaysfeld.com\/index.php?rest_route=%2Fwp%2Fv2%2Fcomments&post=1098"}],"version-history":[{"count":2,"href":"https:\/\/www.noemiwaysfeld.com\/index.php?rest_route=\/wp\/v2\/posts\/1098\/revisions"}],"predecessor-version":[{"id":1103,"href":"https:\/\/www.noemiwaysfeld.com\/index.php?rest_route=\/wp\/v2\/posts\/1098\/revisions\/1103"}],"wp:featuredmedia":[{"embeddable":true,"href":"https:\/\/www.noemiwaysfeld.com\/index.php?rest_route=\/wp\/v2\/media\/1102"}],"wp:attachment":[{"href":"https:\/\/www.noemiwaysfeld.com\/index.php?rest_route=%2Fwp%2Fv2%2Fmedia&parent=1098"}],"wp:term":[{"taxonomy":"category","embeddable":true,"href":"https:\/\/www.noemiwaysfeld.com\/index.php?rest_route=%2Fwp%2Fv2%2Fcategories&post=1098"},{"taxonomy":"post_tag","embeddable":true,"href":"https:\/\/www.noemiwaysfeld.com\/index.php?rest_route=%2Fwp%2Fv2%2Ftags&post=1098"}],"curies":[{"name":"wp","href":"https:\/\/api.w.org\/{rel}","templated":true}]}}