{"id":1110,"date":"2021-04-26T18:14:56","date_gmt":"2021-04-26T16:14:56","guid":{"rendered":"http:\/\/www.noemiwaysfeld.com\/?p=1110"},"modified":"2021-04-26T18:14:57","modified_gmt":"2021-04-26T16:14:57","slug":"invitee-sur-rfi-pour-parler-de-soul-of-yiddish","status":"publish","type":"post","link":"https:\/\/www.noemiwaysfeld.com\/?p=1110","title":{"rendered":"Invit\u00e9e sur RFI pour parler de \u00ab Soul of Yiddish \u00bb !"},"content":{"rendered":"\n<p>Tr\u00e8s heureuse d&#8217;avoir parl\u00e9 de <em>Soul Of Yiddish<\/em> avec Jean-Fran\u00e7ois Cadet dans son \u00e9mission &#8220;Vous m&#8217;en direz des nouvelles&#8221;  <\/p>\n\n\n\n<p>Et merci \u00e0 RFI de leur accueil si chaleureux !<\/p>\n\n\n\n<p>Pour r\u00e9\u00e9couter en podcast \u279d\u00a0<a href=\"https:\/\/l.facebook.com\/l.php?u=https%3A%2F%2Fwww.rfi.fr%2Ffr%2Fpodcasts%2Fvous-m-en-direz-des-nouvelles%2F20210409-no%25C3%25ABmi-waysfeld-sublime-l-%25C3%25A2me-yiddish%3Ffbclid%3DIwAR29MFXjzWGCUZOrxUYJBGRK9I2t_DaDSGHpZvkBTjpq3FDDBeEbfEAJkE8&amp;h=AT0bdy0XUebrEjlw7ZvGeEmrr0UuH6XyUSRC-tQRlsWCVY_5jVG-B_YfVoICihYlr9sVgiXR6QAdtsl9ksfGoV-DCo-vkhXO66xdZ18tv7FjPm3qsdccD44ruWOkKOZy9BHeA4I&amp;__tn__=R]-R&amp;c[0]=AT3ZI2a3b0biEvAgdhXH6ASVcnSy9Ri-A5X7EDXS4PO5I2MKihlEFmFBPHVm3S3vRSqHDC8PPoD2LqDZ3XNOEG3juxnyPw52boraZUWAfHu6lkNKW1K2dAIP282zTS-AUDlOWL5lzgxGrr-6FK8dCrj-LFM\">Cliquez ici<\/a><\/p>\n\n\n\n<figure class=\"wp-block-image size-large\"><img loading=\"lazy\" width=\"1030\" height=\"1006\" src=\"http:\/\/www.noemiwaysfeld.com\/wp-content\/uploads\/2021\/04\/RFI-1030x1006.jpeg\" alt=\"\" class=\"wp-image-1113\" srcset=\"https:\/\/www.noemiwaysfeld.com\/wp-content\/uploads\/2021\/04\/RFI-1030x1006.jpeg 1030w, https:\/\/www.noemiwaysfeld.com\/wp-content\/uploads\/2021\/04\/RFI-300x293.jpeg 300w, https:\/\/www.noemiwaysfeld.com\/wp-content\/uploads\/2021\/04\/RFI-768x750.jpeg 768w, https:\/\/www.noemiwaysfeld.com\/wp-content\/uploads\/2021\/04\/RFI-36x36.jpeg 36w, https:\/\/www.noemiwaysfeld.com\/wp-content\/uploads\/2021\/04\/RFI-705x689.jpeg 705w, https:\/\/www.noemiwaysfeld.com\/wp-content\/uploads\/2021\/04\/RFI.jpeg 1440w\" sizes=\"(max-width: 1030px) 100vw, 1030px\" \/><\/figure>\n","protected":false},"excerpt":{"rendered":"<p>Tr\u00e8s heureuse d&#8217;avoir parl\u00e9 de Soul Of Yiddish avec Jean-Fran\u00e7ois Cadet dans son \u00e9mission &#8220;Vous m&#8217;en direz des nouvelles&#8221; Et merci \u00e0 RFI de leur accueil si chaleureux ! Pour r\u00e9\u00e9couter en podcast \u279d\u00a0Cliquez ici<\/p>\n","protected":false},"author":3,"featured_media":1111,"comment_status":"closed","ping_status":"open","sticky":false,"template":"","format":"standard","meta":[],"categories":[1],"tags":[],"_links":{"self":[{"href":"https:\/\/www.noemiwaysfeld.com\/index.php?rest_route=\/wp\/v2\/posts\/1110"}],"collection":[{"href":"https:\/\/www.noemiwaysfeld.com\/index.php?rest_route=\/wp\/v2\/posts"}],"about":[{"href":"https:\/\/www.noemiwaysfeld.com\/index.php?rest_route=\/wp\/v2\/types\/post"}],"author":[{"embeddable":true,"href":"https:\/\/www.noemiwaysfeld.com\/index.php?rest_route=\/wp\/v2\/users\/3"}],"replies":[{"embeddable":true,"href":"https:\/\/www.noemiwaysfeld.com\/index.php?rest_route=%2Fwp%2Fv2%2Fcomments&post=1110"}],"version-history":[{"count":2,"href":"https:\/\/www.noemiwaysfeld.com\/index.php?rest_route=\/wp\/v2\/posts\/1110\/revisions"}],"predecessor-version":[{"id":1114,"href":"https:\/\/www.noemiwaysfeld.com\/index.php?rest_route=\/wp\/v2\/posts\/1110\/revisions\/1114"}],"wp:featuredmedia":[{"embeddable":true,"href":"https:\/\/www.noemiwaysfeld.com\/index.php?rest_route=\/wp\/v2\/media\/1111"}],"wp:attachment":[{"href":"https:\/\/www.noemiwaysfeld.com\/index.php?rest_route=%2Fwp%2Fv2%2Fmedia&parent=1110"}],"wp:term":[{"taxonomy":"category","embeddable":true,"href":"https:\/\/www.noemiwaysfeld.com\/index.php?rest_route=%2Fwp%2Fv2%2Fcategories&post=1110"},{"taxonomy":"post_tag","embeddable":true,"href":"https:\/\/www.noemiwaysfeld.com\/index.php?rest_route=%2Fwp%2Fv2%2Ftags&post=1110"}],"curies":[{"name":"wp","href":"https:\/\/api.w.org\/{rel}","templated":true}]}}