{"id":1118,"date":"2021-04-26T18:24:34","date_gmt":"2021-04-26T16:24:34","guid":{"rendered":"http:\/\/www.noemiwaysfeld.com\/?p=1118"},"modified":"2021-04-26T18:25:05","modified_gmt":"2021-04-26T16:25:05","slug":"les-portes-de-lame-yiddish","status":"publish","type":"post","link":"https:\/\/www.noemiwaysfeld.com\/?p=1118","title":{"rendered":"Les portes de l&#8217;\u00e2me yiddish"},"content":{"rendered":"\n<p>\u00ab Avec son nouvel album, <em>Soul of Yiddish<\/em>, No\u00ebmi Waysfeld s\u2019impose d\u00e9sormais comme la voix qui incarne aujourd\u2019hui cette tradition musicale s\u00e9culaire. Mais loin des clich\u00e9s du genre, la jeune chanteuse nous en propose une approche ouverte, libre et solaire, celle d\u2019une tradition qu\u2019elle renouvelle avec fid\u00e9lit\u00e9 mais modernit\u00e9. \u00bb<\/p>\n\n\n\n<p>Pour lire en entier la newsletter de l&#8217;Agence Ys\u00e9e \u279d <a href=\"http:\/\/r.agence-ysee.com\/mk\/mr\/abq6T2dyWPUL_KKf1-mrTEHH2H99SXu2pkY0_Uz-ldlXmd2cithaZlddcE9uB9E4UXaUccLGz62j4AMD4ANTP9SoWe91kfWeCEomKI0\">Cliquez ici<\/a><\/p>\n\n\n\n<figure class=\"wp-block-image size-large\"><img loading=\"lazy\" width=\"1030\" height=\"559\" src=\"http:\/\/www.noemiwaysfeld.com\/wp-content\/uploads\/2021\/04\/Noemi-Waysfeld-citations-presse-1030x559.jpeg\" alt=\"\" class=\"wp-image-1121\" srcset=\"https:\/\/www.noemiwaysfeld.com\/wp-content\/uploads\/2021\/04\/Noemi-Waysfeld-citations-presse-1030x559.jpeg 1030w, https:\/\/www.noemiwaysfeld.com\/wp-content\/uploads\/2021\/04\/Noemi-Waysfeld-citations-presse-300x163.jpeg 300w, https:\/\/www.noemiwaysfeld.com\/wp-content\/uploads\/2021\/04\/Noemi-Waysfeld-citations-presse-768x417.jpeg 768w, https:\/\/www.noemiwaysfeld.com\/wp-content\/uploads\/2021\/04\/Noemi-Waysfeld-citations-presse-1536x834.jpeg 1536w, https:\/\/www.noemiwaysfeld.com\/wp-content\/uploads\/2021\/04\/Noemi-Waysfeld-citations-presse-2048x1112.jpeg 2048w, https:\/\/www.noemiwaysfeld.com\/wp-content\/uploads\/2021\/04\/Noemi-Waysfeld-citations-presse-1500x815.jpeg 1500w, https:\/\/www.noemiwaysfeld.com\/wp-content\/uploads\/2021\/04\/Noemi-Waysfeld-citations-presse-705x383.jpeg 705w\" sizes=\"(max-width: 1030px) 100vw, 1030px\" \/><\/figure>\n","protected":false},"excerpt":{"rendered":"<p>\u00ab Avec son nouvel album, Soul of Yiddish, No\u00ebmi Waysfeld s\u2019impose d\u00e9sormais comme la voix qui incarne aujourd\u2019hui cette tradition musicale s\u00e9culaire. Mais loin des clich\u00e9s du genre, la jeune chanteuse nous en propose une approche ouverte, libre et solaire, celle d\u2019une tradition qu\u2019elle renouvelle avec fid\u00e9lit\u00e9 mais modernit\u00e9. \u00bb Pour lire en entier la [&hellip;]<\/p>\n","protected":false},"author":3,"featured_media":1121,"comment_status":"closed","ping_status":"open","sticky":false,"template":"","format":"standard","meta":[],"categories":[1],"tags":[],"_links":{"self":[{"href":"https:\/\/www.noemiwaysfeld.com\/index.php?rest_route=\/wp\/v2\/posts\/1118"}],"collection":[{"href":"https:\/\/www.noemiwaysfeld.com\/index.php?rest_route=\/wp\/v2\/posts"}],"about":[{"href":"https:\/\/www.noemiwaysfeld.com\/index.php?rest_route=\/wp\/v2\/types\/post"}],"author":[{"embeddable":true,"href":"https:\/\/www.noemiwaysfeld.com\/index.php?rest_route=\/wp\/v2\/users\/3"}],"replies":[{"embeddable":true,"href":"https:\/\/www.noemiwaysfeld.com\/index.php?rest_route=%2Fwp%2Fv2%2Fcomments&post=1118"}],"version-history":[{"count":1,"href":"https:\/\/www.noemiwaysfeld.com\/index.php?rest_route=\/wp\/v2\/posts\/1118\/revisions"}],"predecessor-version":[{"id":1122,"href":"https:\/\/www.noemiwaysfeld.com\/index.php?rest_route=\/wp\/v2\/posts\/1118\/revisions\/1122"}],"wp:featuredmedia":[{"embeddable":true,"href":"https:\/\/www.noemiwaysfeld.com\/index.php?rest_route=\/wp\/v2\/media\/1121"}],"wp:attachment":[{"href":"https:\/\/www.noemiwaysfeld.com\/index.php?rest_route=%2Fwp%2Fv2%2Fmedia&parent=1118"}],"wp:term":[{"taxonomy":"category","embeddable":true,"href":"https:\/\/www.noemiwaysfeld.com\/index.php?rest_route=%2Fwp%2Fv2%2Fcategories&post=1118"},{"taxonomy":"post_tag","embeddable":true,"href":"https:\/\/www.noemiwaysfeld.com\/index.php?rest_route=%2Fwp%2Fv2%2Ftags&post=1118"}],"curies":[{"name":"wp","href":"https:\/\/api.w.org\/{rel}","templated":true}]}}