{"id":1233,"date":"2023-02-12T21:19:06","date_gmt":"2023-02-12T20:19:06","guid":{"rendered":"http:\/\/www.noemiwaysfeld.com\/?p=1233"},"modified":"2023-02-12T21:19:07","modified_gmt":"2023-02-12T20:19:07","slug":"la-boite-a-pepites-besame-mucho","status":"publish","type":"post","link":"https:\/\/www.noemiwaysfeld.com\/?p=1233","title":{"rendered":"LA BOITE A PEPITES &#8211; BESAME MUCHO"},"content":{"rendered":"\n<p><\/p>\n\n\n\n<p><\/p>\n\n\n\n<p>Je me sens chanceuse de participer pour la troisi\u00e8me ann\u00e9e cons\u00e9cutive \u00e0 ce projet fabuleux de <a href=\"https:\/\/www.facebook.com\/heloise.luzzati?__cft__[0]=AZX-L40NGgQvDGx9CbnW4M-y-YlU9ulg7acCr4uC-NDRSEU4lYTZVNbZQ5vkkFfYIbmoZizdM8gAwHD73A58I1QvL18mN3th_AssYOU9LGKeXBL5EmqMFnC_Kw_af3lPAqS_RuBuzPolQyNQ2iP6ZbUZQ-yZj2P-2mq1rGHOhbjDqvldRerYGlAHhoghssjtJz573Xn3vnvHieZuFtO-RTGW&amp;__tn__=-]K-R\">H\u00e9lo\u00efse Luzzati<\/a> ! J&#8217;ai ador\u00e9 chanter ce tube, en duo avec mon cher <a href=\"https:\/\/www.facebook.com\/profile.php?id=509120201&amp;__cft__[0]=AZX-L40NGgQvDGx9CbnW4M-y-YlU9ulg7acCr4uC-NDRSEU4lYTZVNbZQ5vkkFfYIbmoZizdM8gAwHD73A58I1QvL18mN3th_AssYOU9LGKeXBL5EmqMFnC_Kw_af3lPAqS_RuBuzPolQyNQ2iP6ZbUZQ-yZj2P-2mq1rGHOhbjDqvldRerYGlAHhoghssjtJz573Xn3vnvHieZuFtO-RTGW&amp;__tn__=-]K-R\">Romain Dayez<\/a> entour\u00e9e de musiciens et \u00e9quipe de r\u00eave dans un arrangement <strong>g\u00e9nial<\/strong> d&#8217;Alberto Martin Diaz ! J&#8217;esp\u00e8re que vous vous r\u00e9galerez autant que nous, et Joyeux No\u00ebl ! <img loading=\"lazy\" alt=\"\ud83c\udf84\" src=\"https:\/\/static.xx.fbcdn.net\/images\/emoji.php\/v9\/ta6\/2\/16\/1f384.png\" width=\"16\" height=\"16\"><img loading=\"lazy\" alt=\"\ud83c\udf81\" src=\"https:\/\/static.xx.fbcdn.net\/images\/emoji.php\/v9\/t23\/2\/16\/1f381.png\" width=\"16\" height=\"16\"><img loading=\"lazy\" alt=\"\ud83e\udd73\" src=\"https:\/\/static.xx.fbcdn.net\/images\/emoji.php\/v9\/tc\/2\/16\/1f973.png\" width=\"16\" height=\"16\"><\/p>\n\n\n\n<p>Comme si c&#8217;\u00e9tait ce soir\u2026 La derni\u00e8re fois\u2026 Besame mucho \u2665\ufe0f<br>Merci infiniment \u00e0 vous tous de nous avoir suivi durant tout ce mois de d\u00e9cembre\u2026 merci pour vos mots doux, vos avis, votre enthousiasme, votre fid\u00e9lit\u00e9\u2026 et on se retrouve demain pour un petit bonus \ud83c\udf1f<\/p>\n\n\n\n<p>As if it was tonight\u2026 The last time\u2026 Besame mucho \u2665\ufe0f<br>Thank you all so much for following us throughout December\u2026 thank you for your kind words, your opinions, your enthusiasm, your fidelity\u2026 and we&#8217;ll see you tomorrow for a little bonus \ud83c\udf1f<\/p>\n\n\n\n<p>Consuelo Vel\u00e1zquez<br>B\u00e9same mucho<br>Alberto Martin Diaz<\/p>\n\n\n\n<p>@noemi.waysfeld, chant<br>@romaindayez, baryton<br>@heloiseluzzati, violoncelle<br>@antoine_rozenbaum, contrebasse<br>@davidkadouchpianist, piano<\/p>\n\n\n\n<p>Une production Elles-women composers<br>Direction artistique, H\u00e9lo\u00efse Luzzati<br>Illustration, @cecile.bidault<br>Animation, @lorenegaydon<br>R\u00e9alisation, @alexislardilleux<br>Ing\u00e9nieur du son, @aurelienbrgois<br>Cadre &amp; assistante montage, @legrand_juliette<br>Assistante ing\u00e9nieur du son @maelle_mlt<br>\u00c9criture, Ir\u00e8ne Mejia Buttin<br>Traduction, Leila Schneps<br>Enregistrement voix off, @mireille.faure.7<\/p>\n\n\n\n<p>Images tourn\u00e9es \u00e0 l&#8217;abbaye de @royaumont<\/p>\n","protected":false},"excerpt":{"rendered":"<p>Je me sens chanceuse de participer pour la troisi\u00e8me ann\u00e9e cons\u00e9cutive \u00e0 ce projet fabuleux de H\u00e9lo\u00efse Luzzati ! J&#8217;ai ador\u00e9 chanter ce tube, en duo avec mon cher Romain Dayez entour\u00e9e de musiciens et \u00e9quipe de r\u00eave dans un arrangement g\u00e9nial d&#8217;Alberto Martin Diaz ! J&#8217;esp\u00e8re que vous vous r\u00e9galerez autant que nous, et [&hellip;]<\/p>\n","protected":false},"author":2,"featured_media":1234,"comment_status":"closed","ping_status":"open","sticky":false,"template":"","format":"standard","meta":[],"categories":[1],"tags":[],"_links":{"self":[{"href":"https:\/\/www.noemiwaysfeld.com\/index.php?rest_route=\/wp\/v2\/posts\/1233"}],"collection":[{"href":"https:\/\/www.noemiwaysfeld.com\/index.php?rest_route=\/wp\/v2\/posts"}],"about":[{"href":"https:\/\/www.noemiwaysfeld.com\/index.php?rest_route=\/wp\/v2\/types\/post"}],"author":[{"embeddable":true,"href":"https:\/\/www.noemiwaysfeld.com\/index.php?rest_route=\/wp\/v2\/users\/2"}],"replies":[{"embeddable":true,"href":"https:\/\/www.noemiwaysfeld.com\/index.php?rest_route=%2Fwp%2Fv2%2Fcomments&post=1233"}],"version-history":[{"count":1,"href":"https:\/\/www.noemiwaysfeld.com\/index.php?rest_route=\/wp\/v2\/posts\/1233\/revisions"}],"predecessor-version":[{"id":1235,"href":"https:\/\/www.noemiwaysfeld.com\/index.php?rest_route=\/wp\/v2\/posts\/1233\/revisions\/1235"}],"wp:featuredmedia":[{"embeddable":true,"href":"https:\/\/www.noemiwaysfeld.com\/index.php?rest_route=\/wp\/v2\/media\/1234"}],"wp:attachment":[{"href":"https:\/\/www.noemiwaysfeld.com\/index.php?rest_route=%2Fwp%2Fv2%2Fmedia&parent=1233"}],"wp:term":[{"taxonomy":"category","embeddable":true,"href":"https:\/\/www.noemiwaysfeld.com\/index.php?rest_route=%2Fwp%2Fv2%2Fcategories&post=1233"},{"taxonomy":"post_tag","embeddable":true,"href":"https:\/\/www.noemiwaysfeld.com\/index.php?rest_route=%2Fwp%2Fv2%2Ftags&post=1233"}],"curies":[{"name":"wp","href":"https:\/\/api.w.org\/{rel}","templated":true}]}}