{"id":1240,"date":"2023-02-12T21:25:10","date_gmt":"2023-02-12T20:25:10","guid":{"rendered":"http:\/\/www.noemiwaysfeld.com\/?p=1240"},"modified":"2023-02-12T21:25:11","modified_gmt":"2023-02-12T20:25:11","slug":"concerts-de-sortie-dalbum","status":"publish","type":"post","link":"https:\/\/www.noemiwaysfeld.com\/?p=1240","title":{"rendered":"Concerts de sortie d&#8217;album"},"content":{"rendered":"\n<p>LA SCALA PROVENCE 24 mars 2023 : <a rel=\"noreferrer noopener\" href=\"https:\/\/cutt.ly\/H3rn7m6\" target=\"_blank\">https:\/\/cutt.ly\/H3rn7m6<\/a><\/p>\n\n\n\n<p>LA SCALA PARIS 26 mars 2023 : <a rel=\"noreferrer noopener\" href=\"https:\/\/cutt.ly\/x3rmdx6?fbclid=IwAR2_UfP7_ibjGL7W3HGOruKnJSM4hBcso-wjZcLx22IpuPzp-_j_265es8s\" target=\"_blank\">https:\/\/cutt.ly\/x3rmdx6<\/a><\/p>\n\n\n\n<p>De Faur\u00e9 \u00e0 Gainsbourg<br>\u00ab Le temps de r\u00eaver est bien court \u00bb, \u00e9crit Aragon.<br>Et si nous prenions justement ce temps\u2026 c\u2019est \u00e0 ce voyage musical, onirique et po\u00e9tique que nous invite No\u00ebmi Waysfeld. La chanteuse a choisi pour cela parmi les plus beaux textes de la po\u00e9sie fran\u00e7aise, de Baudelaire \u00e0 Pr\u00e9vert qui ont \u00e9t\u00e9 mis en musique par des compositeurs classiques (Duparc, Poulenc\u2026) ou interpr\u00e9t\u00e9s par des chanteurs comme Cora Vaucaire ou Serge Gainsbourg.<br>De Faur\u00e9 \u00e0 Ferr\u00e9\u2026 les subtils arrangements des interpr\u00e8tes du Quatuor Dutilleux qui l\u2019accompagne permettent de voyager d\u2019un monde \u00e0 l\u2019autre avec une fascinante coh\u00e9rence, r\u00e9v\u00e9lant le parfait cousinage entre la musique populaire avec celle qu\u2019on disait autrefois et si maladroitement \u00ab savante \u00bb.<br>Deux titres avec le piano soyeux de David Kadouch viennent ponctuer ce voyage, ainsi que des chansons de Charles Trenet qui nous rappellent pourquoi \u00ab longtemps, longtemps apr\u00e8s que les po\u00e8tes ont disparu, leurs chansons courent encore dans les rues \u00bb \u2026 ainsi que dans les albums ou sur sc\u00e8ne !<br>Photographie : Manuel Braun<\/p>\n","protected":false},"excerpt":{"rendered":"<p>LA SCALA PROVENCE 24 mars 2023 : https:\/\/cutt.ly\/H3rn7m6 LA SCALA PARIS 26 mars 2023 : https:\/\/cutt.ly\/x3rmdx6 De Faur\u00e9 \u00e0 Gainsbourg\u00ab Le temps de r\u00eaver est bien court \u00bb, \u00e9crit Aragon.Et si nous prenions justement ce temps\u2026 c\u2019est \u00e0 ce voyage musical, onirique et po\u00e9tique que nous invite No\u00ebmi Waysfeld. La chanteuse a choisi pour cela [&hellip;]<\/p>\n","protected":false},"author":1,"featured_media":1237,"comment_status":"closed","ping_status":"open","sticky":false,"template":"","format":"standard","meta":[],"categories":[1],"tags":[],"_links":{"self":[{"href":"https:\/\/www.noemiwaysfeld.com\/index.php?rest_route=\/wp\/v2\/posts\/1240"}],"collection":[{"href":"https:\/\/www.noemiwaysfeld.com\/index.php?rest_route=\/wp\/v2\/posts"}],"about":[{"href":"https:\/\/www.noemiwaysfeld.com\/index.php?rest_route=\/wp\/v2\/types\/post"}],"author":[{"embeddable":true,"href":"https:\/\/www.noemiwaysfeld.com\/index.php?rest_route=\/wp\/v2\/users\/1"}],"replies":[{"embeddable":true,"href":"https:\/\/www.noemiwaysfeld.com\/index.php?rest_route=%2Fwp%2Fv2%2Fcomments&post=1240"}],"version-history":[{"count":1,"href":"https:\/\/www.noemiwaysfeld.com\/index.php?rest_route=\/wp\/v2\/posts\/1240\/revisions"}],"predecessor-version":[{"id":1241,"href":"https:\/\/www.noemiwaysfeld.com\/index.php?rest_route=\/wp\/v2\/posts\/1240\/revisions\/1241"}],"wp:featuredmedia":[{"embeddable":true,"href":"https:\/\/www.noemiwaysfeld.com\/index.php?rest_route=\/wp\/v2\/media\/1237"}],"wp:attachment":[{"href":"https:\/\/www.noemiwaysfeld.com\/index.php?rest_route=%2Fwp%2Fv2%2Fmedia&parent=1240"}],"wp:term":[{"taxonomy":"category","embeddable":true,"href":"https:\/\/www.noemiwaysfeld.com\/index.php?rest_route=%2Fwp%2Fv2%2Fcategories&post=1240"},{"taxonomy":"post_tag","embeddable":true,"href":"https:\/\/www.noemiwaysfeld.com\/index.php?rest_route=%2Fwp%2Fv2%2Ftags&post=1240"}],"curies":[{"name":"wp","href":"https:\/\/api.w.org\/{rel}","templated":true}]}}